[{"@context":"https:\/\/schema.org\/","@type":"Article","@id":"https:\/\/www.mkmb.cz\/nase-deti\/#Article","mainEntityOfPage":"https:\/\/www.mkmb.cz\/nase-deti\/","headline":"Na\u0161e d\u011bti","name":"Na\u0161e d\u011bti","description":"J\u00e1 si mysl\u00edm a zast\u00e1v\u00e1m takov\u00fd n\u00e1zor, \u017ee d\u011bti jsou na\u0161e budoucnost. Podle m\u00e9ho n\u00e1zoru\u00a0bez d\u011bt\u00ed by to opravdu ne\u0161lo. Nebo co si mysl\u00edte o d\u011btsk\u00fdch vy? Mysl\u00edte si, \u017ee d\u011bti jsou na\u0161e budoucnost? Samoz\u0159ejm\u011b, ale tak\u00e9 mus\u00edme v\u017edycky d\u011bti opravdu pe\u010dliv\u011b vychov\u00e1vat. A\u00a0m\u00edt d\u011bti nen\u00ed jenom tak o v\u00fdchov\u011b, ale tak\u00e9 je to o [&hellip;]","datePublished":"2023-04-05","dateModified":"2023-04-05","author":{"@type":"Person","@id":"https:\/\/www.mkmb.cz\/author\/#Person","name":"","url":"https:\/\/www.mkmb.cz\/author\/","identifier":1,"image":{"@type":"ImageObject","@id":"https:\/\/secure.gravatar.com\/avatar\/da76ffe9456a057fb26f92cd8eb3d2effca853864e9ae2a35290bd1e10b1f7d4?s=96&d=mm&r=g","url":"https:\/\/secure.gravatar.com\/avatar\/da76ffe9456a057fb26f92cd8eb3d2effca853864e9ae2a35290bd1e10b1f7d4?s=96&d=mm&r=g","height":96,"width":96}},"publisher":{"@type":"Organization","name":"mkmb.cz","logo":{"@type":"ImageObject","@id":"\/logo.png","url":"\/logo.png","width":600,"height":60}},"image":{"@type":"ImageObject","@id":"https:\/\/www.mkmb.cz\/wp-content\/uploads\/little-boy-1266117_1280.jpg","url":"https:\/\/www.mkmb.cz\/wp-content\/uploads\/little-boy-1266117_1280.jpg","height":0,"width":0},"url":"https:\/\/www.mkmb.cz\/nase-deti\/","about":["D\u011bti\r"],"wordCount":442,"articleBody":"J\u00e1 si mysl\u00edm a zast\u00e1v\u00e1m takov\u00fd n\u00e1zor, \u017ee d\u011bti jsou na\u0161e budoucnost. Podle m\u00e9ho n\u00e1zoru\u00a0bez d\u011bt\u00ed by to opravdu ne\u0161lo. Nebo co si mysl\u00edte o d\u011btsk\u00fdch vy? Mysl\u00edte si, \u017ee d\u011bti jsou na\u0161e budoucnost? Samoz\u0159ejm\u011b, ale tak\u00e9 mus\u00edme v\u017edycky d\u011bti opravdu pe\u010dliv\u011b vychov\u00e1vat. A\u00a0m\u00edt d\u011bti nen\u00ed jenom tak o v\u00fdchov\u011b, ale tak\u00e9 je to o tom, abyste se o n\u011b starali, abyste jim poskytli l\u00e1sku domov, p\u0159\u00edst\u0159e\u0161\u00ed a tak\u00e9 kvalitn\u00ed stravu. Mnoho lid\u00ed si mysl\u00ed, \u017ee d\u011bti nepot\u0159ebuj\u00ed kvalitn\u00ed stravu, \u017ee sta\u010d\u00ed n\u011bco \u00fapln\u011b oby\u010dejn\u00e9ho. Mnoho lid\u00ed se pr\u00e1v\u011b odvol\u00e1v\u00e1 na to, \u017ee d\u0159\u00edve t\u0159eba p\u0159ed pades\u00e1ti\u00a0nebo sedmdes\u00e1ti\u00a0lety, kdy\u017e vyr\u016fstali, \u017ee tak\u00e9 nem\u011bli tak kvalitn\u00ed stravu, jakou maj\u00ed lid\u00e9 dnes.Tohle je sice pravda, ale vemte si, \u017ee t\u0159eba p\u0159ed tolika ti des\u00edtkami let zase nebylo tolik patogen\u016f a byla kvalitn\u00ed v\u00fd\u017eiva, proto\u017ee nebyly \u017e\u00e1dn\u00e9 post\u0159iky a nebo um\u011bl\u00e1 barviva a \u00e9\u010dka a podobn\u011b. J\u00e1 sama pr\u00e1v\u011b db\u00e1m hlavn\u011b na to, aby moje d\u011bti byly zdrav\u00e9 a aby m\u011bly tak\u00e9 kvalitn\u00ed stravu. Tohle\u00a0je opravdu m\u016fj sen a v\u017edycky jsem od tomto\u00a0snila a v\u017edycky jsem toho cht\u011bla dos\u00e1hnout. Jsem py\u0161n\u00e1 na sebe, \u017ee dokonce i m\u016fj partner tohle dodr\u017euje, tak\u017ee d\u011btem v\u016fbec ned\u00e1v\u00e1m bramb\u016frky a nebo v\u0161elijak\u00e9 v\u011bci. Samoz\u0159ejm\u011b, \u017ee jednou\u00a0m\u011bs\u00ed\u010dn\u011b jim v\u017edycky t\u0159eba bramb\u016frky a takhle povol\u00edme. Tohle je takov\u00e9 logick\u00e9 a zase nechceme d\u011bti tak moc omezovat.Nebo kdy\u017e jdou d\u011bti t\u0159eba k n\u011bkomu na n\u00e1v\u0161t\u011bvu na n\u011bjakou oslavu, tak samoz\u0159ejm\u011b tam tak\u00e9 m\u016f\u017eou sn\u00edst cokoliv. A doma tak\u00e9 dostanou, ale v\u017edycky jenom kous\u00ed\u010dek, sladk\u00e9ho moc nedost\u00e1vaj\u00ed ka\u017ed\u00fd\u00a0den.\u00a0A s\u00a0rodinou si d\u00e1v\u00e1me opravdu hodn\u011b z\u00e1le\u017eet, aby d\u011bti m\u011bly\u00a0ka\u017ed\u00fd den kousek\u00a0zeleniny a ovoce. Tedy\u00a0sice ne kousek, ale opravdu velk\u00fd kus, tohle \u0159\u00edk\u00e1m jenom tak na oko, abyste\u00a0v\u011bd\u011bli, \u017ee moje d\u011bti j\u00ed opravdu hodn\u011b zeleniny a ovoce. D\u00e1v\u00e1m si na tom opravdu hodn\u011b z\u00e1le\u017eet. Dokonce i j\u00e1 j\u00edm hodn\u011b zeleniny, i kdy\u017e d\u0159\u00edve jako d\u00edt\u011b jsem to v\u016fbec nem\u011bla r\u00e1da, ale zm\u011bna je \u017eivot.\u00a0                                                                                                                                                                                                                                                                                                                                                                                        4.5\/5 - (2 votes)        "},{"@context":"https:\/\/schema.org\/","@type":"BreadcrumbList","itemListElement":[{"@type":"ListItem","position":1,"name":"Na\u0161e d\u011bti","item":"https:\/\/www.mkmb.cz\/nase-deti\/#breadcrumbitem"}]}]