[{"@context":"https:\/\/schema.org\/","@type":"Article","@id":"https:\/\/www.mkmb.cz\/reklamni-textil-bez-problemu-ci-v-zadnem-pripade\/#Article","mainEntityOfPage":"https:\/\/www.mkmb.cz\/reklamni-textil-bez-problemu-ci-v-zadnem-pripade\/","headline":"Reklamn\u00ed textil \u2013 bez probl\u00e9m\u016f, \u010di v \u017e\u00e1dn\u00e9m p\u0159\u00edpad\u011b?","name":"Reklamn\u00ed textil \u2013 bez probl\u00e9m\u016f, \u010di v \u017e\u00e1dn\u00e9m p\u0159\u00edpad\u011b?","description":"Reklama aktivn\u00ed i pasivn\u00ed S\u00a0reklamou se setk\u00e1v\u00e1me zcela b\u011b\u017en\u011b a n\u011bkdy u\u017e n\u00e1s dokonce ani neoslovuje. Natolik jsme si na ni coby na neodd\u011blitelnou sou\u010d\u00e1st sv\u00fdch \u017eivot\u016f zvykli a adaptovali se na prost\u0159ed\u00ed, kter\u00e9 je j\u00ed doslova p\u0159esyceno. N\u011bkter\u00e9 reklamn\u00ed praktiky a materi\u00e1ly n\u00e1s mohou otravovat, jin\u00fdmi se (mo\u017en\u00e1 i bezd\u011b\u010dn\u011b) na\u0161e dom\u00e1cnost, a zejm\u00e9na [&hellip;]","datePublished":"2025-03-01","dateModified":"2025-03-01","author":{"@type":"Person","@id":"https:\/\/www.mkmb.cz\/author\/#Person","name":"","url":"https:\/\/www.mkmb.cz\/author\/","identifier":1,"image":{"@type":"ImageObject","@id":"https:\/\/secure.gravatar.com\/avatar\/da76ffe9456a057fb26f92cd8eb3d2effca853864e9ae2a35290bd1e10b1f7d4?s=96&d=mm&r=g","url":"https:\/\/secure.gravatar.com\/avatar\/da76ffe9456a057fb26f92cd8eb3d2effca853864e9ae2a35290bd1e10b1f7d4?s=96&d=mm&r=g","height":96,"width":96}},"publisher":{"@type":"Organization","name":"mkmb.cz","logo":{"@type":"ImageObject","@id":"\/logo.png","url":"\/logo.png","width":600,"height":60}},"image":{"@type":"ImageObject","@id":"https:\/\/www.mkmb.cz\/wp-content\/uploads\/img_a298216_w1949_t1508508691.jpg","url":"https:\/\/www.mkmb.cz\/wp-content\/uploads\/img_a298216_w1949_t1508508691.jpg","height":0,"width":0},"url":"https:\/\/www.mkmb.cz\/reklamni-textil-bez-problemu-ci-v-zadnem-pripade\/","wordCount":494,"articleBody":"Reklama aktivn\u00ed i pasivn\u00edS\u00a0reklamou se setk\u00e1v\u00e1me zcela b\u011b\u017en\u011b a n\u011bkdy u\u017e n\u00e1s dokonce ani neoslovuje. Natolik jsme si na ni coby na neodd\u011blitelnou sou\u010d\u00e1st sv\u00fdch \u017eivot\u016f zvykli a adaptovali se na prost\u0159ed\u00ed, kter\u00e9 je j\u00ed doslova p\u0159esyceno.N\u011bkter\u00e9 reklamn\u00ed praktiky a materi\u00e1ly n\u00e1s mohou otravovat, jin\u00fdmi se (mo\u017en\u00e1 i bezd\u011b\u010dn\u011b) na\u0161e dom\u00e1cnost, a zejm\u00e9na pak n\u00e1\u0161 \u0161atn\u00edk, jen hem\u017e\u00ed. Mnoz\u00ed jedinci dokonce neoble\u010dou \u017e\u00e1dn\u00fd od\u011bv bez toho, aby bylo mo\u017en\u00e9 vid\u011bt, u kter\u00e9ho n\u00e1vrh\u00e1\u0159e \u010di m\u00f3dn\u00ed firmy jej zakoupili. Jedn\u00e1 se o prezentaci okol\u00ed, \u017ee si mohou podobn\u00e9 oble\u010den\u00ed dovolit a dost si na n\u011bj potrp\u00ed.Pokud v\u0161ak k\u00a0podobn\u00fdm situac\u00edm doch\u00e1z\u00ed, doty\u010dn\u00e9mu z\u0159ejm\u011b nevad\u00ed (pop\u0159\u00edpad\u011b se nad celou situac\u00ed z\u00a0tohoto \u00fahlu pohledu v\u016fbec nezamyslel), \u017ee je v\u00a0z\u00e1sad\u011b chod\u00edc\u00ed reklamu, na n\u00ed\u017e nemus\u00ed jej\u00ed auto\u0159i vynalo\u017eit \u017e\u00e1dnou velkou snahu \u010di finance. Chod\u00edc\u00ed \u010dlov\u011bk je tou nejlep\u0161\u00ed pasivn\u00ed reklamou, proto\u017ee d\u011bl\u00e1 podobnou \u201epr\u00e1ci\u201c r\u00e1d a nepo\u017eaduje za n\u00ed ocen\u011bn\u00ed, kter\u00e9 by jinak marketingov\u00ed pracovn\u00edci a nejr\u016fzn\u011bj\u0161\u00ed PR mana\u017ee\u0159i jist\u011b po\u017eadovali.\u00a0Pout\u00e1te tak\u00e9 pozornost na zna\u010dku m\u00edsto sebe?Proto\u017ee to tak funguje. Pokud nos\u00edte oble\u010den\u00ed s\u00a0viditeln\u00fdm zna\u010den\u00edm, pak si okol\u00ed m\u016f\u017ee v\u0161\u00edmat sp\u00ed\u0161e t\u011bchto detail\u016f ne\u017e V\u00e1s samotn\u00fdch. Pak nast\u00e1v\u00e1 jak\u00e1si paradoxn\u00ed a dosti kontraproduktivn\u00ed situace, kdy Vy jako\u017eto z\u00e1kazn\u00edk vyd\u00e1te finance na n\u00e1kup oble\u010den\u00ed, kter\u00e9 V\u00e1s m\u00e1 ur\u010dit\u00fdm zp\u016fsobem prezentovat okol\u00ed, ov\u0161em va\u0161e okol\u00ed si v\u0161imne pouze n\u00e1pisu, kter\u00fd se V\u00e1m t\u00e1hne p\u0159es cel\u00e1 prsa a V\u00e1s t\u00e9m\u011b\u0159 ani nezaznamen\u00e1. To u\u017e stoj\u00ed za zamy\u0161len\u00ed, ne?\u00a0Ka\u017ed\u00e9mu podle jeho gustaPokud podobn\u00e9 \u201edetaily\u201c ve sv\u00e9m \u017eivot\u011b ne\u0159e\u0161\u00edte, pak je v\u0161e v\u00a0po\u0159\u00e1dku. Proto\u017ee nikdo nem\u016f\u017ee tvrdit, \u017ee m\u00e1 patent na rozum a nem\u016f\u017ee tedy ani rozhodnout o tom, \u017ee no\u0161en\u00ed od\u011bv\u016f s\u00a0v\u00fdrazn\u00fdmi zna\u010dkami jejich v\u00fdrobc\u016f nen\u00ed vhodn\u00e9. Z\u00e1le\u017e\u00ed pouze na Va\u0161em postoji k\u00a0dan\u00e9 ot\u00e1zce.J\u00e1 osobn\u011b jsem rad\u0161i, kdy\u017e moji p\u0159\u00e1tel\u00e9 a zn\u00e1m\u00ed vn\u00edmaj\u00ed mn\u011b osobn\u011b, nikoli \u0159adu rozptyluj\u00edc\u00edch podn\u011bt\u016f okolo a nem\u00e1m ani tendence k\u00a0tomu slou\u017eit nadn\u00e1rodn\u00edm korporac\u00edm (a to nikoli pouze od\u011bvn\u00edm, ale i jin\u00fdm typ\u016fm firem, klub\u016f a spole\u010dnost\u00ed, s\u00a0jejich\u017e ozna\u010den\u00edmi se v\u00a0r\u00e1mci skute\u010dn\u011b prvopl\u00e1nov\u011b reklamn\u00edho textilu lze setk\u00e1vat) jako reklama zdarma. Nen\u00ed to m\u016fj styl.A jak\u00fd styl je ten V\u00e1\u0161?                                                                                                                                                                                                                                                                                                                                                                                        3.2\/5 - (4 votes)        "},{"@context":"https:\/\/schema.org\/","@type":"BreadcrumbList","itemListElement":[{"@type":"ListItem","position":1,"name":"Reklamn\u00ed textil \u2013 bez probl\u00e9m\u016f, \u010di v \u017e\u00e1dn\u00e9m p\u0159\u00edpad\u011b?","item":"https:\/\/www.mkmb.cz\/reklamni-textil-bez-problemu-ci-v-zadnem-pripade\/#breadcrumbitem"}]}]